{"id":6,"__str__":"CPI DI\u00c1RIA - Comiss\u00e3o Parlamentar de Inqu\u00e9rito das Di\u00e1rias","link_detail_backend":"/comissao/6","metadata":{},"nome":"Comiss\u00e3o Parlamentar de Inqu\u00e9rito das Di\u00e1rias","sigla":"CPI DI\u00c1RIA","data_criacao":"2013-08-16","data_extincao":null,"apelido_temp":"CPI DAS DI\u00c1RIAS","data_instalacao_temp":"2013-10-23","data_final_prevista_temp":"2014-01-23","data_prorrogada_temp":null,"data_fim_comissao":null,"secretario":"","telefone_reuniao":"","endereco_secretaria":"","telefone_secretaria":"","fax_secretaria":"","agenda_reuniao":"","local_reuniao":"Plen\u00e1rio Antonio de Almeida Costa","finalidade":"","email":"","unidade_deliberativa":true,"ativa":false,"tipo":2}